{"id":2595,"date":"2020-10-26T09:42:29","date_gmt":"2020-10-26T07:42:29","guid":{"rendered":"http:\/\/www.kaseka.fi\/?p=2595"},"modified":"2020-10-26T09:59:18","modified_gmt":"2020-10-26T07:59:18","slug":"myotatuulta-tuottajalle-2-hankkeen-tietoiskut","status":"publish","type":"post","link":"https:\/\/www.kaseka.fi\/?p=2595","title":{"rendered":"My\u00f6t\u00e4tuulta Tuottajalle  2 -hankkeen tietoiskut"},"content":{"rendered":"\n<p>My\u00f6t\u00e4tuulta Tuottajalle 2-hanke j\u00e4rjest\u00e4\u00e4  nelj\u00e4 tietoiskutyyppist\u00e4 infoa Teams-sovelluksella. P\u00e4\u00e4set mukaan ilmoittautumalla, mink\u00e4 j\u00e4lkeen sinulle l\u00e4hetet\u00e4\u00e4n osallistumislinkki s\u00e4hk\u00f6postiin. Tietoiskut ovat osallistujille maksuttomia.<\/p>\n\n\n\n<p><strong>MA 2.11.2020 klo 12 &#8211; 13.30,  MA 9.11.2020 klo 12 &#8211; 13.30 VARAUTUMINEN YLL\u00c4TT\u00c4VIIN TILANTEISIIN <\/strong>(avioehto, testamentti, edunvalvontavaltuutus, avio-, avoero, vakava sairaus, kuolema, kuolinpes\u00e4n tilanteet, perint\u00f6asiat) Edell\u00e4 oleva sis\u00e4lt\u00f6 jaetaan 2. ja 9.11. koulutusp\u00e4iviin \u2013 Arviointikeskuksen lakimies Timo Torppa<\/p>\n\n\n\n<p><strong>MA 16.11.2020 klo12 &#8211; 14 ASKEL KOHTI VAHVEMPAA MAATALOUTTA<\/strong> &#8211; maatilan talouden perusteet kahdessa tunnissa! &#8211; Suomen Yritt\u00e4j\u00e4opisto Mikko L\u00e4\u00e4veri<\/p>\n\n\n\n<p><strong>MA 23.11.2020 klo 12 &#8211; 13 KUINKA OLLA ONNELLINEN<\/strong> &#8211; Mit\u00e4 onni on? Miten olla ja tulla onnelliseksi? &#8211; My\u00f6t\u00e4tuulta Tuottajalle 2 -hankkeen hankep\u00e4\u00e4llikk\u00f6 Suvi Lempi\u00e4l\u00e4<\/p>\n\n\n\n<p><a href=\"https:\/\/www.lyyti.fi\/reg\/Hyvinvointihankkeen_tietoiskut_0310\" target=\"_blank\" rel=\"noreferrer noopener\" aria-label=\" (avautuu uudessa v\u00e4lilehdess\u00e4)\">Ilmoittautuminen<\/a><\/p>\n\n\n\n<p><\/p>\n","protected":false},"excerpt":{"rendered":"<p>My\u00f6t\u00e4tuulta Tuottajalle 2-hanke j\u00e4rjest\u00e4\u00e4 nelj\u00e4 tietoiskutyyppist\u00e4 infoa Teams-sovelluksella. P\u00e4\u00e4set mukaan ilmoittautumalla, mink\u00e4 j\u00e4lkeen sinulle l\u00e4hetet\u00e4\u00e4n osallistumislinkki s\u00e4hk\u00f6postiin. Tietoiskut ovat osallistujille maksuttomia. MA 2.11.2020 klo 12 &#8211; 13.30, MA 9.11.2020 klo 12 &#8211; 13.30 VARAUTUMINEN YLL\u00c4TT\u00c4VIIN TILANTEISIIN (avioehto, testamentti, edunvalvontavaltuutus, avio-, avoero, vakava sairaus, kuolema, kuolinpes\u00e4n tilanteet, perint\u00f6asiat) Edell\u00e4 oleva sis\u00e4lt\u00f6 jaetaan 2. ja 9.11. koulutusp\u00e4iviin [&hellip;]<\/p>\n","protected":false},"author":6,"featured_media":0,"comment_status":"closed","ping_status":"open","sticky":false,"template":"","format":"standard","meta":{"footnotes":""},"categories":[1],"tags":[],"class_list":["post-2595","post","type-post","status-publish","format-standard","hentry","category-yleinen"],"_links":{"self":[{"href":"https:\/\/www.kaseka.fi\/index.php?rest_route=\/wp\/v2\/posts\/2595","targetHints":{"allow":["GET"]}}],"collection":[{"href":"https:\/\/www.kaseka.fi\/index.php?rest_route=\/wp\/v2\/posts"}],"about":[{"href":"https:\/\/www.kaseka.fi\/index.php?rest_route=\/wp\/v2\/types\/post"}],"author":[{"embeddable":true,"href":"https:\/\/www.kaseka.fi\/index.php?rest_route=\/wp\/v2\/users\/6"}],"replies":[{"embeddable":true,"href":"https:\/\/www.kaseka.fi\/index.php?rest_route=%2Fwp%2Fv2%2Fcomments&post=2595"}],"version-history":[{"count":9,"href":"https:\/\/www.kaseka.fi\/index.php?rest_route=\/wp\/v2\/posts\/2595\/revisions"}],"predecessor-version":[{"id":2609,"href":"https:\/\/www.kaseka.fi\/index.php?rest_route=\/wp\/v2\/posts\/2595\/revisions\/2609"}],"wp:attachment":[{"href":"https:\/\/www.kaseka.fi\/index.php?rest_route=%2Fwp%2Fv2%2Fmedia&parent=2595"}],"wp:term":[{"taxonomy":"category","embeddable":true,"href":"https:\/\/www.kaseka.fi\/index.php?rest_route=%2Fwp%2Fv2%2Fcategories&post=2595"},{"taxonomy":"post_tag","embeddable":true,"href":"https:\/\/www.kaseka.fi\/index.php?rest_route=%2Fwp%2Fv2%2Ftags&post=2595"}],"curies":[{"name":"wp","href":"https:\/\/api.w.org\/{rel}","templated":true}]}}