{"id":2701,"date":"2021-03-30T11:25:04","date_gmt":"2021-03-30T08:25:04","guid":{"rendered":"http:\/\/www.kaseka.fi\/?p=2701"},"modified":"2021-03-30T12:37:57","modified_gmt":"2021-03-30T09:37:57","slug":"kyselytunnit-kevaan-tukihakuun-liittyvista-asioista","status":"publish","type":"post","link":"https:\/\/www.kaseka.fi\/?p=2701","title":{"rendered":"Kyselytunnit kev\u00e4\u00e4n tukihakuun liittyvist\u00e4 asioista"},"content":{"rendered":"\n<p><strong>ti 27.4.2021 klo 10-11, l\u00e4hetys  Keski-Pohjanmaalta<\/strong><\/p>\n\n\n\n<p><strong>ke 28.4.2021 klo 10-11, l\u00e4hetys  Pohjois-Pohjanmaalta<\/strong><\/p>\n\n\n\n<p>Mukana Ely-keskusten asiantuntijoita  ja kuntien maaseutuelinkeinoviranomaisia sek\u00e4 MTK-Keski-Pohjanmaan\/MTK-Pohjois-Suomen v\u00e4ke\u00e4. <\/p>\n\n\n\n<p>Laita <a rel=\"noreferrer noopener\" aria-label=\"ennakkokysymyksi\u00e4 (avautuu uudessa v\u00e4lilehdess\u00e4)\" href=\"https:\/\/link.webropolsurveys.com\/S\/468C6862137C8161\" target=\"_blank\">ennakkokysymyksi\u00e4<\/a> tai kysy chatin kautta tilaisuuden aikana.<\/p>\n\n\n\n<p><strong>Ilmoittaudu <a rel=\"noreferrer noopener\" aria-label=\"t\u00e4st\u00e4 (avautuu uudessa v\u00e4lilehdess\u00e4)\" href=\"https:\/\/link.webropolsurveys.com\/S\/08080D574E7369DA\" target=\"_blank\">t\u00e4st\u00e4<\/a>, <\/strong>niin saat muistutuksen ja osallistumislinkin s\u00e4hk\u00f6postiisi edellisen\u00e4 p\u00e4iv\u00e4n\u00e4. <\/p>\n\n\n\n<p> Voit osallistua my\u00f6s ilmoittautumatta. Linkki l\u00f6ytyy <a href=\"https:\/\/eur02.safelinks.protection.outlook.com\/?url=http%3A%2F%2Fwww.kpedu.fi%2Ftietolinkki%2Ftapahtumat&amp;data=04%7C01%7C%7Cdd844ad24b934de35d8c08d8f0554148%7Cc10c53fbad1e4893a1acee30fbe7b31c%7C0%7C0%7C637523596252039080%7CUnknown%7CTWFpbGZsb3d8eyJWIjoiMC4wLjAwMDAiLCJQIjoiV2luMzIiLCJBTiI6Ik1haWwiLCJXVCI6Mn0%3D%7C1000&amp;sdata=viUPUBjYOGKHqxbvrdvqxp30CH8bcAO54mF%2Fn8vf9rI%3D&amp;reserved=0\" target=\"_blank\" rel=\"noreferrer noopener\" aria-label=\" (avautuu uudessa v\u00e4lilehdess\u00e4)\">www.kpedu.fi\/tietolinkki\/tapahtumat<\/a>&nbsp; -sivuilta ennen tilaisuuden alkua.  <\/p>\n","protected":false},"excerpt":{"rendered":"<p>ti 27.4.2021 klo 10-11, l\u00e4hetys Keski-Pohjanmaalta ke 28.4.2021 klo 10-11, l\u00e4hetys Pohjois-Pohjanmaalta Mukana Ely-keskusten asiantuntijoita ja kuntien maaseutuelinkeinoviranomaisia sek\u00e4 MTK-Keski-Pohjanmaan\/MTK-Pohjois-Suomen v\u00e4ke\u00e4. Laita ennakkokysymyksi\u00e4 tai kysy chatin kautta tilaisuuden aikana. Ilmoittaudu t\u00e4st\u00e4, niin saat muistutuksen ja osallistumislinkin s\u00e4hk\u00f6postiisi edellisen\u00e4 p\u00e4iv\u00e4n\u00e4. Voit osallistua my\u00f6s ilmoittautumatta. Linkki l\u00f6ytyy www.kpedu.fi\/tietolinkki\/tapahtumat&nbsp; -sivuilta ennen tilaisuuden alkua.<\/p>\n","protected":false},"author":6,"featured_media":0,"comment_status":"closed","ping_status":"open","sticky":false,"template":"","format":"standard","meta":{"footnotes":""},"categories":[1],"tags":[],"class_list":["post-2701","post","type-post","status-publish","format-standard","hentry","category-yleinen"],"_links":{"self":[{"href":"https:\/\/www.kaseka.fi\/index.php?rest_route=\/wp\/v2\/posts\/2701","targetHints":{"allow":["GET"]}}],"collection":[{"href":"https:\/\/www.kaseka.fi\/index.php?rest_route=\/wp\/v2\/posts"}],"about":[{"href":"https:\/\/www.kaseka.fi\/index.php?rest_route=\/wp\/v2\/types\/post"}],"author":[{"embeddable":true,"href":"https:\/\/www.kaseka.fi\/index.php?rest_route=\/wp\/v2\/users\/6"}],"replies":[{"embeddable":true,"href":"https:\/\/www.kaseka.fi\/index.php?rest_route=%2Fwp%2Fv2%2Fcomments&post=2701"}],"version-history":[{"count":4,"href":"https:\/\/www.kaseka.fi\/index.php?rest_route=\/wp\/v2\/posts\/2701\/revisions"}],"predecessor-version":[{"id":2706,"href":"https:\/\/www.kaseka.fi\/index.php?rest_route=\/wp\/v2\/posts\/2701\/revisions\/2706"}],"wp:attachment":[{"href":"https:\/\/www.kaseka.fi\/index.php?rest_route=%2Fwp%2Fv2%2Fmedia&parent=2701"}],"wp:term":[{"taxonomy":"category","embeddable":true,"href":"https:\/\/www.kaseka.fi\/index.php?rest_route=%2Fwp%2Fv2%2Fcategories&post=2701"},{"taxonomy":"post_tag","embeddable":true,"href":"https:\/\/www.kaseka.fi\/index.php?rest_route=%2Fwp%2Fv2%2Ftags&post=2701"}],"curies":[{"name":"wp","href":"https:\/\/api.w.org\/{rel}","templated":true}]}}