{"id":3187,"date":"2023-04-28T15:47:58","date_gmt":"2023-04-28T12:47:58","guid":{"rendered":"http:\/\/www.kaseka.fi\/?p=3187"},"modified":"2023-04-28T16:49:16","modified_gmt":"2023-04-28T13:49:16","slug":"maatalouden-investointitukien-ja-nuoren-viljelijan-aloitustuen-haut-ovat-alkaneet","status":"publish","type":"post","link":"https:\/\/www.kaseka.fi\/?p=3187","title":{"rendered":"Maatalouden investointitukien ja nuoren viljelij\u00e4n aloitustuen haut ovat alkaneet"},"content":{"rendered":"\n<p>Maatalouden investointitukien ja nuoren viljelij\u00e4n aloitustuen haut ovat alkaneet. <strong>MMM suosittelee viljelij\u00f6it\u00e4 viiv\u00e4stytt\u00e4m\u00e4\u00e4n tulevia nauta- ja lypsykarjatalouden rakennushankkeita, jos tuotantorakennuksen tontilta tai rakennuspaikalta joudutaan kaatamaan puita mets\u00e4st\u00e4.<\/strong> Syyn\u00e4 on touko\u2013kes\u00e4kuussa 2023 voimaan tuleva EU:n mets\u00e4katoasetus, jonka vaikutus uusiin navettainvestointeihin on ep\u00e4selv\u00e4. MMM selvitt\u00e4\u00e4 ep\u00e4selvyyksi\u00e4, ja asiaan palataan viimeist\u00e4\u00e4n seuraavan investointitukien tukijakson alkaessa toukokuussa. <\/p>\n\n\n\n<p><strong>Lis\u00e4tietoa:<\/strong><br>Alueelliset ELY-keskukset, yhteystiedot:\u00a0<a rel=\"noreferrer noopener\" aria-label=\" (avautuu uudessa v\u00e4lilehdess\u00e4)\" href=\"https:\/\/www.ruokavirasto.fi\/tietoa-meista\/yhteystiedot\/hae-kumppanit\/\" target=\"_blank\">https:\/\/www.ruokavirasto.fi\/tietoa-meista\/yhteystiedot\/hae-kumppanit\/<\/a><br><a rel=\"noreferrer noopener\" aria-label=\" (avautuu uudessa v\u00e4lilehdess\u00e4)\" href=\"http:\/\/www.ruokavirasto.fi\/maatilainvestoinnit\" target=\"_blank\">www.ruokavirasto.fi\/maatilainvestoinnit<\/a><br><a href=\"http:\/\/www.ruokavirasto.fi\/aloitustuki\" target=\"_blank\" rel=\"noreferrer noopener\" aria-label=\" (avautuu uudessa v\u00e4lilehdess\u00e4)\">www.ruokavirasto.fi\/aloitustuki<\/a><\/p>\n","protected":false},"excerpt":{"rendered":"<p>Maatalouden investointitukien ja nuoren viljelij\u00e4n aloitustuen haut ovat alkaneet. MMM suosittelee viljelij\u00f6it\u00e4 viiv\u00e4stytt\u00e4m\u00e4\u00e4n tulevia nauta- ja lypsykarjatalouden rakennushankkeita, jos tuotantorakennuksen tontilta tai rakennuspaikalta joudutaan kaatamaan puita mets\u00e4st\u00e4. Syyn\u00e4 on touko\u2013kes\u00e4kuussa 2023 voimaan tuleva EU:n mets\u00e4katoasetus, jonka vaikutus uusiin navettainvestointeihin on ep\u00e4selv\u00e4. MMM selvitt\u00e4\u00e4 ep\u00e4selvyyksi\u00e4, ja asiaan palataan viimeist\u00e4\u00e4n seuraavan investointitukien tukijakson alkaessa toukokuussa. Lis\u00e4tietoa:Alueelliset ELY-keskukset, [&hellip;]<\/p>\n","protected":false},"author":6,"featured_media":0,"comment_status":"closed","ping_status":"open","sticky":false,"template":"","format":"standard","meta":{"footnotes":""},"categories":[1],"tags":[],"class_list":["post-3187","post","type-post","status-publish","format-standard","hentry","category-yleinen"],"_links":{"self":[{"href":"https:\/\/www.kaseka.fi\/index.php?rest_route=\/wp\/v2\/posts\/3187","targetHints":{"allow":["GET"]}}],"collection":[{"href":"https:\/\/www.kaseka.fi\/index.php?rest_route=\/wp\/v2\/posts"}],"about":[{"href":"https:\/\/www.kaseka.fi\/index.php?rest_route=\/wp\/v2\/types\/post"}],"author":[{"embeddable":true,"href":"https:\/\/www.kaseka.fi\/index.php?rest_route=\/wp\/v2\/users\/6"}],"replies":[{"embeddable":true,"href":"https:\/\/www.kaseka.fi\/index.php?rest_route=%2Fwp%2Fv2%2Fcomments&post=3187"}],"version-history":[{"count":1,"href":"https:\/\/www.kaseka.fi\/index.php?rest_route=\/wp\/v2\/posts\/3187\/revisions"}],"predecessor-version":[{"id":3188,"href":"https:\/\/www.kaseka.fi\/index.php?rest_route=\/wp\/v2\/posts\/3187\/revisions\/3188"}],"wp:attachment":[{"href":"https:\/\/www.kaseka.fi\/index.php?rest_route=%2Fwp%2Fv2%2Fmedia&parent=3187"}],"wp:term":[{"taxonomy":"category","embeddable":true,"href":"https:\/\/www.kaseka.fi\/index.php?rest_route=%2Fwp%2Fv2%2Fcategories&post=3187"},{"taxonomy":"post_tag","embeddable":true,"href":"https:\/\/www.kaseka.fi\/index.php?rest_route=%2Fwp%2Fv2%2Ftags&post=3187"}],"curies":[{"name":"wp","href":"https:\/\/api.w.org\/{rel}","templated":true}]}}