{"id":3725,"date":"2025-03-21T13:12:00","date_gmt":"2025-03-21T11:12:00","guid":{"rendered":"https:\/\/www.kaseka.fi\/?p=3725"},"modified":"2025-04-11T11:17:30","modified_gmt":"2025-04-11T08:17:30","slug":"maatalous-kohti-2030-lukua-4-4-2025-toholampi","status":"publish","type":"post","link":"https:\/\/www.kaseka.fi\/?p=3725","title":{"rendered":"Maatalous kohti 2030 -lukua 4.4.2025 Toholampi"},"content":{"rendered":"\n<p>Seuraavaa CAP-kautta valmistellaan jo tiiviisti, ja erilaisia maatalouteen, maank\u00e4ytt\u00f6\u00f6n ja ymp\u00e4rist\u00f6\u00f6n liittyvi\u00e4 lains\u00e4\u00e4d\u00e4nt\u00f6ehdotuksia on p\u00f6yd\u00e4ll\u00e4. My\u00f6s turvepeltojen tulevaisuus puhuttaa. Samaan aikaan nykyinen CAP-ohjelma toi jotain uutta t\u00e4lle vuodelle. Mik\u00e4 on asiantuntijoiden viesti t\u00e4m\u00e4n alueen maatalousyritt\u00e4jille? Mit\u00e4 erityist\u00e4 huomioitavaa on juuri nyt?<\/p>\n\n\n\n<p>N\u00e4it\u00e4 aiheita k\u00e4sitell\u00e4\u00e4n Toholammilla<br><strong>perjantaina 4.4.2025 klo 10 &#8211; 15 <\/strong><br>j\u00e4rjestett\u00e4v\u00e4ss\u00e4 seminaarissa. Tilaisuudessa mukana asiantuntijoita MTK:sta, Luonnonvarakeskuksesta, AVI:sta, Ely-keskuksesta ja Maaseutuyksikk\u00f6 KaseKasta.  <strong>Mukaan p\u00e4\u00e4see my\u00f6s et\u00e4n\u00e4.<\/strong> <\/p>\n\n\n\n<p><strong>Tapahtuman <a href=\"https:\/\/www.kpedu.fi\/tietovirta\/materiaalipankki\" target=\"_blank\" rel=\"noreferrer noopener\">aineisto l\u00f6ytyy t\u00e4\u00e4lt\u00e4<\/a>. Tilaisuuden tallenne julkaistaan my\u00f6hemmin samaan paikkaan.<\/strong><\/p>\n\n\n\n<p><strong>Muita <a href=\"https:\/\/www.kpedu.fi\/tietovirta\/tapahtumat\" target=\"_blank\" rel=\"noreferrer noopener\">tulevia tapahtumia<\/a> Tietovirta-hankkeen sivuilla<\/strong><\/p>\n\n\n\n<p><\/p>\n","protected":false},"excerpt":{"rendered":"<p>Seuraavaa CAP-kautta valmistellaan jo tiiviisti, ja erilaisia maatalouteen, maank\u00e4ytt\u00f6\u00f6n ja ymp\u00e4rist\u00f6\u00f6n liittyvi\u00e4 lains\u00e4\u00e4d\u00e4nt\u00f6ehdotuksia on p\u00f6yd\u00e4ll\u00e4. My\u00f6s turvepeltojen tulevaisuus puhuttaa. Samaan aikaan nykyinen CAP-ohjelma toi jotain uutta t\u00e4lle vuodelle. Mik\u00e4 on asiantuntijoiden viesti t\u00e4m\u00e4n alueen maatalousyritt\u00e4jille? Mit\u00e4 erityist\u00e4 huomioitavaa on juuri nyt? N\u00e4it\u00e4 aiheita k\u00e4sitell\u00e4\u00e4n Toholammillaperjantaina 4.4.2025 klo 10 &#8211; 15 j\u00e4rjestett\u00e4v\u00e4ss\u00e4 seminaarissa. Tilaisuudessa mukana asiantuntijoita [&hellip;]<\/p>\n","protected":false},"author":6,"featured_media":0,"comment_status":"closed","ping_status":"open","sticky":false,"template":"","format":"standard","meta":{"footnotes":""},"categories":[1],"tags":[],"class_list":["post-3725","post","type-post","status-publish","format-standard","hentry","category-yleinen"],"_links":{"self":[{"href":"https:\/\/www.kaseka.fi\/index.php?rest_route=\/wp\/v2\/posts\/3725","targetHints":{"allow":["GET"]}}],"collection":[{"href":"https:\/\/www.kaseka.fi\/index.php?rest_route=\/wp\/v2\/posts"}],"about":[{"href":"https:\/\/www.kaseka.fi\/index.php?rest_route=\/wp\/v2\/types\/post"}],"author":[{"embeddable":true,"href":"https:\/\/www.kaseka.fi\/index.php?rest_route=\/wp\/v2\/users\/6"}],"replies":[{"embeddable":true,"href":"https:\/\/www.kaseka.fi\/index.php?rest_route=%2Fwp%2Fv2%2Fcomments&post=3725"}],"version-history":[{"count":7,"href":"https:\/\/www.kaseka.fi\/index.php?rest_route=\/wp\/v2\/posts\/3725\/revisions"}],"predecessor-version":[{"id":3754,"href":"https:\/\/www.kaseka.fi\/index.php?rest_route=\/wp\/v2\/posts\/3725\/revisions\/3754"}],"wp:attachment":[{"href":"https:\/\/www.kaseka.fi\/index.php?rest_route=%2Fwp%2Fv2%2Fmedia&parent=3725"}],"wp:term":[{"taxonomy":"category","embeddable":true,"href":"https:\/\/www.kaseka.fi\/index.php?rest_route=%2Fwp%2Fv2%2Fcategories&post=3725"},{"taxonomy":"post_tag","embeddable":true,"href":"https:\/\/www.kaseka.fi\/index.php?rest_route=%2Fwp%2Fv2%2Ftags&post=3725"}],"curies":[{"name":"wp","href":"https:\/\/api.w.org\/{rel}","templated":true}]}}